{"id":10321,"date":"2025-02-18T16:51:33","date_gmt":"2025-02-18T16:51:33","guid":{"rendered":"https:\/\/peopleweek.com\/?p=10321"},"modified":"2025-02-18T17:17:11","modified_gmt":"2025-02-18T17:17:11","slug":"fair-play-nelle-tariffe-commerciali-ma-che-dire-della-privacy-e-della-protezione-dei-dati","status":"publish","type":"post","link":"https:\/\/peopleweek.com\/it\/fair-play-nelle-tariffe-commerciali-ma-che-dire-della-privacy-e-della-protezione-dei-dati\/","title":{"rendered":"Fair Play nelle tariffe commerciali, ma che dire della privacy e della protezione dei dati?"},"content":{"rendered":"\n<p>Nelle ultime settimane, le notizie internazionali sono state dominate dalla minaccia degli Stati Uniti di introdurre nuove e maggiori tariffe commerciali. Ci sono molti argomenti economici e politici a favore e contro le tariffe commerciali. Uno degli argomenti usati a favore delle tariffe \u00e8 che gli Stati Uniti vogliono un campo di gioco equo con i loro partner commerciali, il che significa che le tasse su un prodotto americano importato in altri paesi non dovrebbero essere pi\u00f9 alte delle tasse che vengono riscosse sullo stesso prodotto quando viene importato negli Stati Uniti. Questo mi ha fatto pensare alle ingiuste condizioni di gioco sulla privacy dei dati e sulla protezione dei dati che sicuramente hanno un impatto sui servizi in Europa e in Svizzera. Lasciatemi spiegare\u2026<\/p>\n\n\n\n<p>Nell&#8217;area dei dati HR, ci sono molte somiglianze tra USA, UE e Svizzera (CH). Ad esempio:<\/p>\n\n\n\n<ul class=\"wp-block-list\">\n<li><strong>Protezione dei dati personali: <\/strong>tutte e 3 le regioni richiedono alle aziende di implementare misure per proteggere i dati dei dipendenti.<\/li>\n\n\n\n<li><strong>Diritti dei dipendenti: <\/strong>i dipendenti hanno determinati diritti sui propri dati personali, come l&#8217;accesso e la correzione.<\/li>\n\n\n\n<li><strong>Obblighi del datore di lavoro: <\/strong>i datori di lavoro devono garantire un trattamento legittimo dei dati delle risorse umane e adottare misure di sicurezza.<\/li>\n\n\n\n<li><strong>Candidati: <\/strong>i datori di lavoro devono garantire una gestione sicura dei dati dei candidati, utilizzarli solo per le decisioni di assunzione e non possono conservare i dati dei candidati indefinitamente senza giustificazione.<\/li>\n<\/ul>\n\n\n\n<p>Tuttavia, ci sono differenze fondamentali. Ad esempio:<\/p>\n\n\n\n<figure class=\"wp-block-table\"><table class=\"has-fixed-layout\"><tbody><tr><td><strong>Aspetto<\/strong><\/td><td><strong>US<\/strong><\/td><td><strong>UE<\/strong><\/td><td><strong>CH<\/strong><\/td><\/tr><tr><td><strong>Quadro normativo<\/strong><\/td><td><strong>Nessuna legge federale<\/strong>; varia a seconda dello stato (ad esempio, CCPA in California)<\/td><td>Regolamento generale sulla protezione dei dati (<strong>GDPR<\/strong>) (in tutta l&#8217;UE)<\/td><td>Legge federale sulla protezione dei dati (LPD)<\/td><\/tr><tr><td><strong>Diritti dei dipendenti<\/strong><\/td><td><strong>Varia a seconda dello stato<\/strong>; alcuni hanno diritti di accesso\/correzione<\/td><td><strong>Diritti forti<\/strong>: accesso, rettifica, cancellazione (&#8220;diritto all&#8217;oblio&#8221;)<\/td><td><strong>Simile al GDPR<\/strong><strong><\/strong><\/td><\/tr><tr><td><strong>Trasferimenti di dati<\/strong><\/td><td><strong>Nessuna restrizione rigorosa<\/strong>, a meno che non siano in base a leggi specifiche del settore<\/td><td>I trasferimenti al di fuori dell&#8217;UE richiedono adeguate <strong>garanzie<\/strong><\/td><td>La nuova LPD si allinea al GDPR, richiedendo <strong>garanzie<\/strong> per i trasferimenti<\/td><\/tr><tr><td><strong>Sanzioni per inadempienza<\/strong><\/td><td>Varia; alcuni stati impongono multe, ma <strong>l&#8217;applicazione \u00e8 incoerente<\/strong><\/td><td>Multe fino a <strong>20 milioni di \u20ac o il 4%<\/strong> del fatturato globale<\/td><td>Multe fino a <strong>CHF 250.000<\/strong>, inferiori al GDPR<\/td><\/tr><tr><td><strong>Consenso per l&#8217;elaborazione<\/strong><\/td><td>Spesso richiesto, ma <strong>dipende dalle leggi statali<\/strong><\/td><td><strong>Devono essere espliciti<\/strong> per i dati sensibili<\/td><td>Simile al GDPR, richiedendo una chiara giustificazione<\/td><\/tr><tr><td><strong>Protezione dei dati di reclutamento<\/strong><\/td><td>Nessuna legge federale sui dati dei candidati; le leggi statali (ad esempio, CCPA) possono richiedere la divulgazione degli scopi di raccolta dati<\/td><td>I datori di lavoro devono <strong>informare i candidati<\/strong> su come verranno utilizzati i dati e la conservazione deve essere giustificata<\/td><td>Simile al GDPR, richiedendo chiare politiche di scopo e cancellazione<\/td><\/tr><tr><td><strong>Conservazione dei dati dei candidati<\/strong><\/td><td><strong>Varia<\/strong>; alcuni stati richiedono l&#8217;eliminazione dopo un periodo ragionevole<\/td><td><strong>Devono essere eliminati<\/strong> a meno che il candidato non acconsenta alla conservazione<\/td><td>Simile al GDPR; i datori di lavoro hanno <strong>bisogno di una base giuridica<\/strong> per conservare i registri<\/td><\/tr><\/tbody><\/table><\/figure>\n\n\n\n<p><strong>Quale regione \u00e8 la pi\u00f9 e la meno regolamentata?<\/strong><strong><\/strong><\/p>\n\n\n\n<ol class=\"wp-block-list\">\n<li><strong>Pi\u00f9 regolamentata: UE <\/strong><br>Il GDPR \u00e8 il quadro pi\u00f9 severo, che si applica a tutti i paesi dell&#8217;UE con <strong>sanzioni severe<\/strong> per le violazioni. Richiede il <strong>consenso esplicito, requisiti di trasparenza dettagliati<\/strong> e <strong>rigide regole sul trasferimento dei dati<\/strong>.<br><br><\/li>\n\n\n\n<li><strong>Seconda pi\u00f9 regolamentata: Svizzera<\/strong><br>Il nuovo FADP (in vigore da settembre 2023) \u00e8 allineato al GDPR in molti aspetti, ma ha <strong>sanzioni pi\u00f9 basse<\/strong>.<br><br><\/li>\n\n\n\n<li><strong>Meno regolamentata: USA<\/strong><br><strong>Gli USA non hanno una legge federale sulla privacy dei dati<\/strong>; invece, hanno un <strong>mosaico di leggi statali<\/strong> (ad esempio, il CCPA della California \u00e8 severo, ma altri stati hanno normative minime). Alcuni settori (ad esempio, sanit\u00e0, finanza) sono fortemente regolamentati, ma i <strong>dati delle risorse umane in molti stati rimangono poco disciplinati<\/strong>.<\/li>\n<\/ol>\n\n\n\n<p><strong>Quali sono le conseguenze per le aziende UE e svizzere?<\/strong><\/p>\n\n\n\n<p>Le normative sulla privacy e la protezione dei dati sono concepite con buone intenzioni: salvaguardare i diritti degli individui, creare fiducia e promuovere pratiche commerciali etiche e responsabili. PeopleWeek non sostiene la riduzione degli standard in Europa. Tuttavia, le differenze nella regolamentazione e nell&#8217;applicazione creano uno svantaggio significativo per le aziende di servizi europee, comprese le aziende tecnologiche. I nostri costi di avviamento e le spese generali correnti sono significativamente pi\u00f9 elevati rispetto alle aziende statunitensi. L&#8217;innovazione \u00e8 rallentata perch\u00e9 dobbiamo investire pi\u00f9 tempo nell&#8217;implementazione di soluzioni e misure di salvaguardia della privacy dei dati. Se vogliamo entrare nel mercato statunitense, e in altri mercati con normative pi\u00f9 deboli, dobbiamo comunque mantenere il costo e il &#8220;peso&#8221; degli standard europei. Ci\u00f2 significa che abbiamo uno svantaggio competitivo in termini di prezzi o margini di profitto.<\/p>\n\n\n\n<p><strong>PeopleWeek prende molto sul serio la sicurezza dei dati e la privacy<\/strong>. Abbiamo investito molto tempo e denaro nella creazione di soluzioni conformi alle normative UE e svizzere. Implementiamo continuamente nuovi processi e sistemi man mano che il panorama legale, dei rischi e della tecnologia si evolve. \u00c8 probabile che la nuova presidenza degli Stati Uniti ponga sfide ancora pi\u00f9 grandi per l&#8217;Europa. Gli USA ridurranno le normative in molti settori e aree (ad esempio, criptovalute, servizi finanziari, ambiente). Allo stesso tempo, l&#8217;Europa continua ad aumentare le normative. <strong>Ci\u00f2 crea un campo di gioco non uniforme allo stesso modo delle tariffe<\/strong>. I politici, gli enti regolatori e la comunit\u00e0 imprenditoriale nell&#8217;UE e in Svizzera devono lavorare insieme per trovare soluzioni in modo che <strong>abbiano standard elevati ma non siano ingiustamente svantaggiati nei mercati internazionali<\/strong>.<\/p>\n","protected":false},"excerpt":{"rendered":"<p>Nelle ultime settimane, le notizie internazionali sono state dominate dalla minaccia degli Stati Uniti di introdurre nuove e maggiori tariffe commerciali. Ci sono molti argomenti economici e politici a favore e contro le tariffe commerciali. Uno degli argomenti usati a favore delle tariffe \u00e8 che gli Stati Uniti vogliono un campo di gioco equo con [&hellip;]<\/p>\n","protected":false},"author":7,"featured_media":10319,"comment_status":"closed","ping_status":"open","sticky":false,"template":"","format":"standard","meta":{"footnotes":""},"categories":[59],"tags":[],"class_list":["post-10321","post","type-post","status-publish","format-standard","has-post-thumbnail","hentry","category-blog-2"],"yoast_head":"<!-- This site is optimized with the Yoast SEO plugin v23.8 - https:\/\/yoast.com\/wordpress\/plugins\/seo\/ -->\n<title>Fair Play nelle tariffe commerciali, ma che dire della privacy e della protezione dei dati? - PeopleWeek<\/title>\n<meta name=\"robots\" content=\"index, follow, max-snippet:-1, max-image-preview:large, max-video-preview:-1\" \/>\n<link rel=\"canonical\" href=\"https:\/\/peopleweek.com\/it\/fair-play-nelle-tariffe-commerciali-ma-che-dire-della-privacy-e-della-protezione-dei-dati\/\" \/>\n<meta property=\"og:locale\" content=\"it_IT\" \/>\n<meta property=\"og:type\" content=\"article\" \/>\n<meta property=\"og:title\" content=\"Fair Play nelle tariffe commerciali, ma che dire della privacy e della protezione dei dati? - PeopleWeek\" \/>\n<meta property=\"og:description\" content=\"Nelle ultime settimane, le notizie internazionali sono state dominate dalla minaccia degli Stati Uniti di introdurre nuove e maggiori tariffe commerciali. Ci sono molti argomenti economici e politici a favore e contro le tariffe commerciali. Uno degli argomenti usati a favore delle tariffe \u00e8 che gli Stati Uniti vogliono un campo di gioco equo con [&hellip;]\" \/>\n<meta property=\"og:url\" content=\"https:\/\/peopleweek.com\/it\/fair-play-nelle-tariffe-commerciali-ma-che-dire-della-privacy-e-della-protezione-dei-dati\/\" \/>\n<meta property=\"og:site_name\" content=\"PeopleWeek\" \/>\n<meta property=\"article:published_time\" content=\"2025-02-18T16:51:33+00:00\" \/>\n<meta property=\"article:modified_time\" content=\"2025-02-18T17:17:11+00:00\" \/>\n<meta property=\"og:image\" content=\"https:\/\/peopleweek.com\/wp-content\/uploads\/2025\/02\/Flags.jpg\" \/>\n\t<meta property=\"og:image:width\" content=\"1024\" \/>\n\t<meta property=\"og:image:height\" content=\"1024\" \/>\n\t<meta property=\"og:image:type\" content=\"image\/jpeg\" \/>\n<meta name=\"author\" content=\"PeopleWeek\" \/>\n<meta name=\"twitter:card\" content=\"summary_large_image\" \/>\n<meta name=\"twitter:label1\" content=\"Scritto da\" \/>\n\t<meta name=\"twitter:data1\" content=\"PeopleWeek\" \/>\n\t<meta name=\"twitter:label2\" content=\"Tempo di lettura stimato\" \/>\n\t<meta name=\"twitter:data2\" content=\"4 minuti\" \/>\n<script type=\"application\/ld+json\" class=\"yoast-schema-graph\">{\"@context\":\"https:\/\/schema.org\",\"@graph\":[{\"@type\":\"Article\",\"@id\":\"https:\/\/peopleweek.com\/it\/fair-play-nelle-tariffe-commerciali-ma-che-dire-della-privacy-e-della-protezione-dei-dati\/#article\",\"isPartOf\":{\"@id\":\"https:\/\/peopleweek.com\/it\/fair-play-nelle-tariffe-commerciali-ma-che-dire-della-privacy-e-della-protezione-dei-dati\/\"},\"author\":{\"name\":\"PeopleWeek\",\"@id\":\"https:\/\/peopleweek.com\/en\/#\/schema\/person\/ee8bf5f8adea36d0825a7d815a2ca12d\"},\"headline\":\"Fair Play nelle tariffe commerciali, ma che dire della privacy e della protezione dei dati?\",\"datePublished\":\"2025-02-18T16:51:33+00:00\",\"dateModified\":\"2025-02-18T17:17:11+00:00\",\"mainEntityOfPage\":{\"@id\":\"https:\/\/peopleweek.com\/it\/fair-play-nelle-tariffe-commerciali-ma-che-dire-della-privacy-e-della-protezione-dei-dati\/\"},\"wordCount\":921,\"publisher\":{\"@id\":\"https:\/\/peopleweek.com\/en\/#organization\"},\"image\":{\"@id\":\"https:\/\/peopleweek.com\/it\/fair-play-nelle-tariffe-commerciali-ma-che-dire-della-privacy-e-della-protezione-dei-dati\/#primaryimage\"},\"thumbnailUrl\":\"https:\/\/peopleweek.com\/wp-content\/uploads\/2025\/02\/Flags.jpg\",\"articleSection\":[\"Blog\"],\"inLanguage\":\"it-IT\"},{\"@type\":\"WebPage\",\"@id\":\"https:\/\/peopleweek.com\/it\/fair-play-nelle-tariffe-commerciali-ma-che-dire-della-privacy-e-della-protezione-dei-dati\/\",\"url\":\"https:\/\/peopleweek.com\/it\/fair-play-nelle-tariffe-commerciali-ma-che-dire-della-privacy-e-della-protezione-dei-dati\/\",\"name\":\"Fair Play nelle tariffe commerciali, ma che dire della privacy e della protezione dei dati? - PeopleWeek\",\"isPartOf\":{\"@id\":\"https:\/\/peopleweek.com\/en\/#website\"},\"primaryImageOfPage\":{\"@id\":\"https:\/\/peopleweek.com\/it\/fair-play-nelle-tariffe-commerciali-ma-che-dire-della-privacy-e-della-protezione-dei-dati\/#primaryimage\"},\"image\":{\"@id\":\"https:\/\/peopleweek.com\/it\/fair-play-nelle-tariffe-commerciali-ma-che-dire-della-privacy-e-della-protezione-dei-dati\/#primaryimage\"},\"thumbnailUrl\":\"https:\/\/peopleweek.com\/wp-content\/uploads\/2025\/02\/Flags.jpg\",\"datePublished\":\"2025-02-18T16:51:33+00:00\",\"dateModified\":\"2025-02-18T17:17:11+00:00\",\"breadcrumb\":{\"@id\":\"https:\/\/peopleweek.com\/it\/fair-play-nelle-tariffe-commerciali-ma-che-dire-della-privacy-e-della-protezione-dei-dati\/#breadcrumb\"},\"inLanguage\":\"it-IT\",\"potentialAction\":[{\"@type\":\"ReadAction\",\"target\":[\"https:\/\/peopleweek.com\/it\/fair-play-nelle-tariffe-commerciali-ma-che-dire-della-privacy-e-della-protezione-dei-dati\/\"]}]},{\"@type\":\"ImageObject\",\"inLanguage\":\"it-IT\",\"@id\":\"https:\/\/peopleweek.com\/it\/fair-play-nelle-tariffe-commerciali-ma-che-dire-della-privacy-e-della-protezione-dei-dati\/#primaryimage\",\"url\":\"https:\/\/peopleweek.com\/wp-content\/uploads\/2025\/02\/Flags.jpg\",\"contentUrl\":\"https:\/\/peopleweek.com\/wp-content\/uploads\/2025\/02\/Flags.jpg\",\"width\":1024,\"height\":1024},{\"@type\":\"BreadcrumbList\",\"@id\":\"https:\/\/peopleweek.com\/it\/fair-play-nelle-tariffe-commerciali-ma-che-dire-della-privacy-e-della-protezione-dei-dati\/#breadcrumb\",\"itemListElement\":[{\"@type\":\"ListItem\",\"position\":1,\"name\":\"Home\",\"item\":\"https:\/\/peopleweek.com\/it\/\"},{\"@type\":\"ListItem\",\"position\":2,\"name\":\"Fair Play nelle tariffe commerciali, ma che dire della privacy e della protezione dei dati?\"}]},{\"@type\":\"WebSite\",\"@id\":\"https:\/\/peopleweek.com\/en\/#website\",\"url\":\"https:\/\/peopleweek.com\/en\/\",\"name\":\"PeopleWeek\",\"description\":\"\",\"publisher\":{\"@id\":\"https:\/\/peopleweek.com\/en\/#organization\"},\"potentialAction\":[{\"@type\":\"SearchAction\",\"target\":{\"@type\":\"EntryPoint\",\"urlTemplate\":\"https:\/\/peopleweek.com\/en\/?s={search_term_string}\"},\"query-input\":{\"@type\":\"PropertyValueSpecification\",\"valueRequired\":true,\"valueName\":\"search_term_string\"}}],\"inLanguage\":\"it-IT\"},{\"@type\":\"Organization\",\"@id\":\"https:\/\/peopleweek.com\/en\/#organization\",\"name\":\"PeopleWeek\",\"url\":\"https:\/\/peopleweek.com\/en\/\",\"logo\":{\"@type\":\"ImageObject\",\"inLanguage\":\"it-IT\",\"@id\":\"https:\/\/peopleweek.com\/en\/#\/schema\/logo\/image\/\",\"url\":\"https:\/\/peopleweek.com\/wp-content\/uploads\/2024\/11\/pw-logo.png\",\"contentUrl\":\"https:\/\/peopleweek.com\/wp-content\/uploads\/2024\/11\/pw-logo.png\",\"width\":1484,\"height\":306,\"caption\":\"PeopleWeek\"},\"image\":{\"@id\":\"https:\/\/peopleweek.com\/en\/#\/schema\/logo\/image\/\"}},{\"@type\":\"Person\",\"@id\":\"https:\/\/peopleweek.com\/en\/#\/schema\/person\/ee8bf5f8adea36d0825a7d815a2ca12d\",\"name\":\"PeopleWeek\"}]}<\/script>\n<!-- \/ Yoast SEO plugin. -->","yoast_head_json":{"title":"Fair Play nelle tariffe commerciali, ma che dire della privacy e della protezione dei dati? - PeopleWeek","robots":{"index":"index","follow":"follow","max-snippet":"max-snippet:-1","max-image-preview":"max-image-preview:large","max-video-preview":"max-video-preview:-1"},"canonical":"https:\/\/peopleweek.com\/it\/fair-play-nelle-tariffe-commerciali-ma-che-dire-della-privacy-e-della-protezione-dei-dati\/","og_locale":"it_IT","og_type":"article","og_title":"Fair Play nelle tariffe commerciali, ma che dire della privacy e della protezione dei dati? - PeopleWeek","og_description":"Nelle ultime settimane, le notizie internazionali sono state dominate dalla minaccia degli Stati Uniti di introdurre nuove e maggiori tariffe commerciali. Ci sono molti argomenti economici e politici a favore e contro le tariffe commerciali. Uno degli argomenti usati a favore delle tariffe \u00e8 che gli Stati Uniti vogliono un campo di gioco equo con [&hellip;]","og_url":"https:\/\/peopleweek.com\/it\/fair-play-nelle-tariffe-commerciali-ma-che-dire-della-privacy-e-della-protezione-dei-dati\/","og_site_name":"PeopleWeek","article_published_time":"2025-02-18T16:51:33+00:00","article_modified_time":"2025-02-18T17:17:11+00:00","og_image":[{"width":1024,"height":1024,"url":"https:\/\/peopleweek.com\/wp-content\/uploads\/2025\/02\/Flags.jpg","type":"image\/jpeg"}],"author":"PeopleWeek","twitter_card":"summary_large_image","twitter_misc":{"Scritto da":"PeopleWeek","Tempo di lettura stimato":"4 minuti"},"schema":{"@context":"https:\/\/schema.org","@graph":[{"@type":"Article","@id":"https:\/\/peopleweek.com\/it\/fair-play-nelle-tariffe-commerciali-ma-che-dire-della-privacy-e-della-protezione-dei-dati\/#article","isPartOf":{"@id":"https:\/\/peopleweek.com\/it\/fair-play-nelle-tariffe-commerciali-ma-che-dire-della-privacy-e-della-protezione-dei-dati\/"},"author":{"name":"PeopleWeek","@id":"https:\/\/peopleweek.com\/en\/#\/schema\/person\/ee8bf5f8adea36d0825a7d815a2ca12d"},"headline":"Fair Play nelle tariffe commerciali, ma che dire della privacy e della protezione dei dati?","datePublished":"2025-02-18T16:51:33+00:00","dateModified":"2025-02-18T17:17:11+00:00","mainEntityOfPage":{"@id":"https:\/\/peopleweek.com\/it\/fair-play-nelle-tariffe-commerciali-ma-che-dire-della-privacy-e-della-protezione-dei-dati\/"},"wordCount":921,"publisher":{"@id":"https:\/\/peopleweek.com\/en\/#organization"},"image":{"@id":"https:\/\/peopleweek.com\/it\/fair-play-nelle-tariffe-commerciali-ma-che-dire-della-privacy-e-della-protezione-dei-dati\/#primaryimage"},"thumbnailUrl":"https:\/\/peopleweek.com\/wp-content\/uploads\/2025\/02\/Flags.jpg","articleSection":["Blog"],"inLanguage":"it-IT"},{"@type":"WebPage","@id":"https:\/\/peopleweek.com\/it\/fair-play-nelle-tariffe-commerciali-ma-che-dire-della-privacy-e-della-protezione-dei-dati\/","url":"https:\/\/peopleweek.com\/it\/fair-play-nelle-tariffe-commerciali-ma-che-dire-della-privacy-e-della-protezione-dei-dati\/","name":"Fair Play nelle tariffe commerciali, ma che dire della privacy e della protezione dei dati? - PeopleWeek","isPartOf":{"@id":"https:\/\/peopleweek.com\/en\/#website"},"primaryImageOfPage":{"@id":"https:\/\/peopleweek.com\/it\/fair-play-nelle-tariffe-commerciali-ma-che-dire-della-privacy-e-della-protezione-dei-dati\/#primaryimage"},"image":{"@id":"https:\/\/peopleweek.com\/it\/fair-play-nelle-tariffe-commerciali-ma-che-dire-della-privacy-e-della-protezione-dei-dati\/#primaryimage"},"thumbnailUrl":"https:\/\/peopleweek.com\/wp-content\/uploads\/2025\/02\/Flags.jpg","datePublished":"2025-02-18T16:51:33+00:00","dateModified":"2025-02-18T17:17:11+00:00","breadcrumb":{"@id":"https:\/\/peopleweek.com\/it\/fair-play-nelle-tariffe-commerciali-ma-che-dire-della-privacy-e-della-protezione-dei-dati\/#breadcrumb"},"inLanguage":"it-IT","potentialAction":[{"@type":"ReadAction","target":["https:\/\/peopleweek.com\/it\/fair-play-nelle-tariffe-commerciali-ma-che-dire-della-privacy-e-della-protezione-dei-dati\/"]}]},{"@type":"ImageObject","inLanguage":"it-IT","@id":"https:\/\/peopleweek.com\/it\/fair-play-nelle-tariffe-commerciali-ma-che-dire-della-privacy-e-della-protezione-dei-dati\/#primaryimage","url":"https:\/\/peopleweek.com\/wp-content\/uploads\/2025\/02\/Flags.jpg","contentUrl":"https:\/\/peopleweek.com\/wp-content\/uploads\/2025\/02\/Flags.jpg","width":1024,"height":1024},{"@type":"BreadcrumbList","@id":"https:\/\/peopleweek.com\/it\/fair-play-nelle-tariffe-commerciali-ma-che-dire-della-privacy-e-della-protezione-dei-dati\/#breadcrumb","itemListElement":[{"@type":"ListItem","position":1,"name":"Home","item":"https:\/\/peopleweek.com\/it\/"},{"@type":"ListItem","position":2,"name":"Fair Play nelle tariffe commerciali, ma che dire della privacy e della protezione dei dati?"}]},{"@type":"WebSite","@id":"https:\/\/peopleweek.com\/en\/#website","url":"https:\/\/peopleweek.com\/en\/","name":"PeopleWeek","description":"","publisher":{"@id":"https:\/\/peopleweek.com\/en\/#organization"},"potentialAction":[{"@type":"SearchAction","target":{"@type":"EntryPoint","urlTemplate":"https:\/\/peopleweek.com\/en\/?s={search_term_string}"},"query-input":{"@type":"PropertyValueSpecification","valueRequired":true,"valueName":"search_term_string"}}],"inLanguage":"it-IT"},{"@type":"Organization","@id":"https:\/\/peopleweek.com\/en\/#organization","name":"PeopleWeek","url":"https:\/\/peopleweek.com\/en\/","logo":{"@type":"ImageObject","inLanguage":"it-IT","@id":"https:\/\/peopleweek.com\/en\/#\/schema\/logo\/image\/","url":"https:\/\/peopleweek.com\/wp-content\/uploads\/2024\/11\/pw-logo.png","contentUrl":"https:\/\/peopleweek.com\/wp-content\/uploads\/2024\/11\/pw-logo.png","width":1484,"height":306,"caption":"PeopleWeek"},"image":{"@id":"https:\/\/peopleweek.com\/en\/#\/schema\/logo\/image\/"}},{"@type":"Person","@id":"https:\/\/peopleweek.com\/en\/#\/schema\/person\/ee8bf5f8adea36d0825a7d815a2ca12d","name":"PeopleWeek"}]}},"_links":{"self":[{"href":"https:\/\/peopleweek.com\/it\/wp-json\/wp\/v2\/posts\/10321","targetHints":{"allow":["GET"]}}],"collection":[{"href":"https:\/\/peopleweek.com\/it\/wp-json\/wp\/v2\/posts"}],"about":[{"href":"https:\/\/peopleweek.com\/it\/wp-json\/wp\/v2\/types\/post"}],"author":[{"embeddable":true,"href":"https:\/\/peopleweek.com\/it\/wp-json\/wp\/v2\/users\/7"}],"replies":[{"embeddable":true,"href":"https:\/\/peopleweek.com\/it\/wp-json\/wp\/v2\/comments?post=10321"}],"version-history":[{"count":3,"href":"https:\/\/peopleweek.com\/it\/wp-json\/wp\/v2\/posts\/10321\/revisions"}],"predecessor-version":[{"id":10336,"href":"https:\/\/peopleweek.com\/it\/wp-json\/wp\/v2\/posts\/10321\/revisions\/10336"}],"wp:featuredmedia":[{"embeddable":true,"href":"https:\/\/peopleweek.com\/it\/wp-json\/wp\/v2\/media\/10319"}],"wp:attachment":[{"href":"https:\/\/peopleweek.com\/it\/wp-json\/wp\/v2\/media?parent=10321"}],"wp:term":[{"taxonomy":"category","embeddable":true,"href":"https:\/\/peopleweek.com\/it\/wp-json\/wp\/v2\/categories?post=10321"},{"taxonomy":"post_tag","embeddable":true,"href":"https:\/\/peopleweek.com\/it\/wp-json\/wp\/v2\/tags?post=10321"}],"curies":[{"name":"wp","href":"https:\/\/api.w.org\/{rel}","templated":true}]}}